{"id":948,"date":"2024-01-03T12:06:06","date_gmt":"2024-01-03T11:06:06","guid":{"rendered":"https:\/\/www.ramm.be\/cms\/?p=948"},"modified":"2024-01-03T12:28:34","modified_gmt":"2024-01-03T11:28:34","slug":"santo-ventura-et-la-r-a-m-m-laventure-continue","status":"publish","type":"post","link":"https:\/\/www.ramm.be\/cms\/2024\/01\/03\/santo-ventura-et-la-r-a-m-m-laventure-continue\/","title":{"rendered":"Santo VENTURA et la R.A.M.M., l&rsquo;aventure continue !"},"content":{"rendered":"\n<p>COMMUNIQUE ROYALE ALLIANCE MELEN-MICHEROUX &#8211; Mercredi 3 janvier 2024<\/p>\n\n\n\n<p>L&rsquo;Organe d&rsquo;administration de la Royale Alliance Melen-Micheroux est heureux d&rsquo;annoncer avoir trouv\u00e9 un accord avec Santo VENTURA et ainsi acter la prolongation de ce dernier au poste de T1 de son \u00e9quipe Premi\u00e8re pour les saisons 2024-2025 et 2025-2026. Le club souhaite ainsi plus que jamais miser sur la continuit\u00e9. Il restera \u00e9galement dans ses fonctions de coordinateur des jeunes.<\/p>\n\n\n\n<p>La R.A.M.M. remercie Santo VENTURA pour le travail d\u00e9j\u00e0 effectu\u00e9 et lui souhaite un \u00e9panouissement total parmi nous durant les prochaines saisons. <\/p>\n","protected":false},"excerpt":{"rendered":"<p>COMMUNIQUE ROYALE ALLIANCE MELEN-MICHEROUX &#8211; Mercredi 3 janvier 2024 L&rsquo;Organe d&rsquo;administration de la Royale Alliance Melen-Micheroux est heureux d&rsquo;annoncer avoir trouv\u00e9 un accord avec Santo VENTURA et ainsi acter la prolongation de ce dernier au poste de T1 de son \u00e9quipe Premi\u00e8re pour les saisons 2024-2025 et 2025-2026. Le club souhaite ainsi plus que jamais [&hellip;]<\/p>\n","protected":false},"author":2,"featured_media":0,"comment_status":"closed","ping_status":"","sticky":false,"template":"","format":"standard","meta":{"footnotes":""},"categories":[10],"tags":[],"class_list":["post-948","post","type-post","status-publish","format-standard","hentry","category-communication"],"_links":{"self":[{"href":"https:\/\/www.ramm.be\/cms\/wp-json\/wp\/v2\/posts\/948","targetHints":{"allow":["GET"]}}],"collection":[{"href":"https:\/\/www.ramm.be\/cms\/wp-json\/wp\/v2\/posts"}],"about":[{"href":"https:\/\/www.ramm.be\/cms\/wp-json\/wp\/v2\/types\/post"}],"author":[{"embeddable":true,"href":"https:\/\/www.ramm.be\/cms\/wp-json\/wp\/v2\/users\/2"}],"replies":[{"embeddable":true,"href":"https:\/\/www.ramm.be\/cms\/wp-json\/wp\/v2\/comments?post=948"}],"version-history":[{"count":3,"href":"https:\/\/www.ramm.be\/cms\/wp-json\/wp\/v2\/posts\/948\/revisions"}],"predecessor-version":[{"id":951,"href":"https:\/\/www.ramm.be\/cms\/wp-json\/wp\/v2\/posts\/948\/revisions\/951"}],"wp:attachment":[{"href":"https:\/\/www.ramm.be\/cms\/wp-json\/wp\/v2\/media?parent=948"}],"wp:term":[{"taxonomy":"category","embeddable":true,"href":"https:\/\/www.ramm.be\/cms\/wp-json\/wp\/v2\/categories?post=948"},{"taxonomy":"post_tag","embeddable":true,"href":"https:\/\/www.ramm.be\/cms\/wp-json\/wp\/v2\/tags?post=948"}],"curies":[{"name":"wp","href":"https:\/\/api.w.org\/{rel}","templated":true}]}}