{"id":810,"date":"2023-09-24T10:54:26","date_gmt":"2023-09-24T08:54:26","guid":{"rendered":"https:\/\/www.ramm.be\/cms\/?p=810"},"modified":"2023-09-24T10:54:26","modified_gmt":"2023-09-24T08:54:26","slug":"conseil-dadministration-de-la-r-a-m-m","status":"publish","type":"post","link":"https:\/\/www.ramm.be\/cms\/2023\/09\/24\/conseil-dadministration-de-la-r-a-m-m\/","title":{"rendered":"Conseil d&rsquo;Administration de la R.A.M.M."},"content":{"rendered":"\n<p>Par cette communication, la Royale Alliance Melen-Micheroux souhaite faire part de changements au sein de son Conseil d&rsquo;Administration.<\/p>\n\n\n\n<p><strong>Mr Henri RASQUINET<\/strong> a d\u00e9cid\u00e9 de quitter le Conseil d&rsquo;Administration. Nous remercions Henri pour le travail effectu\u00e9 durant sa p\u00e9riode au sein du CA et nous rejouissons de toujours le voir au club en tant que supporter et sympathisant.<\/p>\n\n\n\n<p>Afin de reprendre les fonctions d&rsquo;Henri qui \u00e9taient ax\u00e9es sur le sportif, principalement autour du jeu \u00e0 11 et de la gestion des jeunes susceptibles d&rsquo;int\u00e9grer les \u00e9quipes Premi\u00e8res, le club a sollicit\u00e9 <strong>Mr Vincent TODE<\/strong>. D\u00e9j\u00e0 actif dans le Conseil d&rsquo;Administration dans le pass\u00e9 et membre du club (Vincent est par ailleurs membre du Comit\u00e9 Provincial), nous sommes heureux d&rsquo;annoncer que Vincent a accept\u00e9 d&rsquo;aider le club dans cette mission et de participer aux r\u00e9unions du Conseil d&rsquo;Administration avant une officialisation lors de la prochaine Assembl\u00e9e G\u00e9n\u00e9rale dans quelques semaines.<\/p>\n","protected":false},"excerpt":{"rendered":"<p>Par cette communication, la Royale Alliance Melen-Micheroux souhaite faire part de changements au sein de son Conseil d&rsquo;Administration. Mr Henri RASQUINET a d\u00e9cid\u00e9 de quitter le Conseil d&rsquo;Administration. Nous remercions Henri pour le travail effectu\u00e9 durant sa p\u00e9riode au sein du CA et nous rejouissons de toujours le voir au club en tant que supporter [&hellip;]<\/p>\n","protected":false},"author":2,"featured_media":0,"comment_status":"closed","ping_status":"","sticky":false,"template":"","format":"standard","meta":{"footnotes":""},"categories":[10],"tags":[],"class_list":["post-810","post","type-post","status-publish","format-standard","hentry","category-communication"],"_links":{"self":[{"href":"https:\/\/www.ramm.be\/cms\/wp-json\/wp\/v2\/posts\/810","targetHints":{"allow":["GET"]}}],"collection":[{"href":"https:\/\/www.ramm.be\/cms\/wp-json\/wp\/v2\/posts"}],"about":[{"href":"https:\/\/www.ramm.be\/cms\/wp-json\/wp\/v2\/types\/post"}],"author":[{"embeddable":true,"href":"https:\/\/www.ramm.be\/cms\/wp-json\/wp\/v2\/users\/2"}],"replies":[{"embeddable":true,"href":"https:\/\/www.ramm.be\/cms\/wp-json\/wp\/v2\/comments?post=810"}],"version-history":[{"count":1,"href":"https:\/\/www.ramm.be\/cms\/wp-json\/wp\/v2\/posts\/810\/revisions"}],"predecessor-version":[{"id":811,"href":"https:\/\/www.ramm.be\/cms\/wp-json\/wp\/v2\/posts\/810\/revisions\/811"}],"wp:attachment":[{"href":"https:\/\/www.ramm.be\/cms\/wp-json\/wp\/v2\/media?parent=810"}],"wp:term":[{"taxonomy":"category","embeddable":true,"href":"https:\/\/www.ramm.be\/cms\/wp-json\/wp\/v2\/categories?post=810"},{"taxonomy":"post_tag","embeddable":true,"href":"https:\/\/www.ramm.be\/cms\/wp-json\/wp\/v2\/tags?post=810"}],"curies":[{"name":"wp","href":"https:\/\/api.w.org\/{rel}","templated":true}]}}