{"id":452,"date":"2023-01-12T10:05:07","date_gmt":"2023-01-12T09:05:07","guid":{"rendered":"https:\/\/www.ramm.be\/cms\/?p=452"},"modified":"2023-01-12T10:05:07","modified_gmt":"2023-01-12T09:05:07","slug":"communique-officiel-r-a-m-m-12-01-2023-p3","status":"publish","type":"post","link":"https:\/\/www.ramm.be\/cms\/2023\/01\/12\/communique-officiel-r-a-m-m-12-01-2023-p3\/","title":{"rendered":"COMMUNIQUE OFFICIEL R.A.M.M. \/\/ 12.01.2023 \/\/ P3"},"content":{"rendered":"\n<p>Ce mardi 10 janvier, notre entraineur de l&rsquo;\u00e9quipe P3, <strong>Olivier NIVELLE<\/strong>, nous a fait part de sa d\u00e9cision irr\u00e9vocable de stopper sa fonction au sein de l&rsquo;\u00e9quipe. Le club tient \u00e0 remercier Olivier pour son implication depuis plus d&rsquo;un an au club, tout d&rsquo;abord en tant que coach des U19 et ensuite de l&rsquo;\u00e9quipe P3. La t\u00e2che de reconstruction de l&rsquo;\u00e9quipe apr\u00e8s de nombreux d\u00e9parts \u00e9tait ardue et en ce moment, l&rsquo;\u00e9quipe n&rsquo;est pas sur un si\u00e8ge descendant.<\/p>\n\n\n\n<p>Apr\u00e8s avoir pris connaissance de cette d\u00e9cision, le club s&rsquo;est mis \u00e0 la recherche d&rsquo;un nouveau coach afin de reprendre cette \u00e9quipe et mener \u00e0 bien les diff\u00e9rents objectifs de celle-ci. Qui sont, premi\u00e8rement, bien s\u00fbr, de sauver l&rsquo;\u00e9quipe en P3 mais \u00e9galement de travailler en \u00e9troite collabotration avec le staff de la P1 et des U19 afin de d\u00e9velopper les capacit\u00e9s de chacun et de former un tremplin vers la P1.<\/p>\n\n\n\n<p>Ce mercredi 11 janvier, le club a trouv\u00e9 un accord avec <strong>Christophe SANGIOVANNI<\/strong> (ex-RFC Soumagne et ex-Baelen derni\u00e8rement) afin de reprendre l&rsquo;\u00e9quipe. Le club est heureux de cette d\u00e9signation et souhaite \u00e0 Christophe la bienvenue, le meilleur et l&rsquo;\u00e9panouissement parmi nous. Il prendra place sur le banc d\u00e8s notre rencontre de ce dimanche 15 janvier contre Minerois B. <\/p>\n","protected":false},"excerpt":{"rendered":"<p>Ce mardi 10 janvier, notre entraineur de l&rsquo;\u00e9quipe P3, Olivier NIVELLE, nous a fait part de sa d\u00e9cision irr\u00e9vocable de stopper sa fonction au sein de l&rsquo;\u00e9quipe. Le club tient \u00e0 remercier Olivier pour son implication depuis plus d&rsquo;un an au club, tout d&rsquo;abord en tant que coach des U19 et ensuite de l&rsquo;\u00e9quipe P3. [&hellip;]<\/p>\n","protected":false},"author":2,"featured_media":0,"comment_status":"closed","ping_status":"","sticky":false,"template":"","format":"standard","meta":{"footnotes":""},"categories":[10],"tags":[],"class_list":["post-452","post","type-post","status-publish","format-standard","hentry","category-communication"],"_links":{"self":[{"href":"https:\/\/www.ramm.be\/cms\/wp-json\/wp\/v2\/posts\/452","targetHints":{"allow":["GET"]}}],"collection":[{"href":"https:\/\/www.ramm.be\/cms\/wp-json\/wp\/v2\/posts"}],"about":[{"href":"https:\/\/www.ramm.be\/cms\/wp-json\/wp\/v2\/types\/post"}],"author":[{"embeddable":true,"href":"https:\/\/www.ramm.be\/cms\/wp-json\/wp\/v2\/users\/2"}],"replies":[{"embeddable":true,"href":"https:\/\/www.ramm.be\/cms\/wp-json\/wp\/v2\/comments?post=452"}],"version-history":[{"count":1,"href":"https:\/\/www.ramm.be\/cms\/wp-json\/wp\/v2\/posts\/452\/revisions"}],"predecessor-version":[{"id":453,"href":"https:\/\/www.ramm.be\/cms\/wp-json\/wp\/v2\/posts\/452\/revisions\/453"}],"wp:attachment":[{"href":"https:\/\/www.ramm.be\/cms\/wp-json\/wp\/v2\/media?parent=452"}],"wp:term":[{"taxonomy":"category","embeddable":true,"href":"https:\/\/www.ramm.be\/cms\/wp-json\/wp\/v2\/categories?post=452"},{"taxonomy":"post_tag","embeddable":true,"href":"https:\/\/www.ramm.be\/cms\/wp-json\/wp\/v2\/tags?post=452"}],"curies":[{"name":"wp","href":"https:\/\/api.w.org\/{rel}","templated":true}]}}