{"id":392,"date":"2021-09-02T16:01:00","date_gmt":"2021-09-02T14:01:00","guid":{"rendered":"https:\/\/www.qatv.be\/ramm\/cms\/?p=392"},"modified":"2022-12-15T16:25:24","modified_gmt":"2022-12-15T15:25:24","slug":"communique-officiel-r-a-m-m-02-09-2021","status":"publish","type":"post","link":"https:\/\/www.ramm.be\/cms\/2021\/09\/02\/communique-officiel-r-a-m-m-02-09-2021\/","title":{"rendered":"COMMUNIQUE OFFICIEL R.A.M.M. \/\/ 02.09.2021"},"content":{"rendered":"\n<p>Ce mardi 31 ao\u00fbt 2021, lors d&rsquo;un Conseil d&rsquo;Administration du club, la Royale Alliance Melen-Micheroux a d\u00e9cid\u00e9 de se s\u00e9parer pour raisons priv\u00e9es de <strong>Laurent BODET<\/strong>, entraineur de l&rsquo;\u00e9quipe B en&nbsp;P3. Le club ne fera aucun autre commentaire concernant cette s\u00e9paration. Le club tient \u00e0 remercier chaleureusement Laurent pour son travail \u00e0 la t\u00eate de son \u00e9quipe B pendant ces nombreuses saisons. Il a emmen\u00e9 l&rsquo;\u00e9quipe de P4 en P3, tout en travaillant en pleine collaboration et loyaut\u00e9 avec&nbsp;l&rsquo;\u00e9quipe P1. Nous souhaitons pleine r\u00e9ussite et bonne chance \u00e0 Laurent pour la suite de sa carri\u00e8re d&rsquo;entraineur.<\/p>\n\n\n\n<p>A pr\u00e9sent, le club va prendre le temps de choisir le candidat id\u00e9al pour reprendre cette \u00e9quipe P3, apr\u00e8s concertation entre toutes les parties prenantes du club, \u00e9tant donn\u00e9 que les objectifs de cette \u00e9quipe sont multiples. Les candidats \u00e9ventuels peuvent envoyer leur candidature en&nbsp;contactant le Pr\u00e9sident Alberto SILVANO au 0499\/43.21.56<\/p>\n","protected":false},"excerpt":{"rendered":"<p>Ce mardi 31 ao\u00fbt 2021, lors d&rsquo;un Conseil d&rsquo;Administration du club, la Royale Alliance Melen-Micheroux a d\u00e9cid\u00e9 de se s\u00e9parer pour raisons priv\u00e9es de Laurent BODET, entraineur de l&rsquo;\u00e9quipe B en&nbsp;P3. Le club ne fera aucun autre commentaire concernant cette s\u00e9paration. Le club tient \u00e0 remercier chaleureusement Laurent pour son travail \u00e0 la t\u00eate de [&hellip;]<\/p>\n","protected":false},"author":2,"featured_media":0,"comment_status":"closed","ping_status":"closed","sticky":false,"template":"","format":"standard","meta":{"footnotes":""},"categories":[10],"tags":[],"class_list":["post-392","post","type-post","status-publish","format-standard","hentry","category-communication"],"_links":{"self":[{"href":"https:\/\/www.ramm.be\/cms\/wp-json\/wp\/v2\/posts\/392","targetHints":{"allow":["GET"]}}],"collection":[{"href":"https:\/\/www.ramm.be\/cms\/wp-json\/wp\/v2\/posts"}],"about":[{"href":"https:\/\/www.ramm.be\/cms\/wp-json\/wp\/v2\/types\/post"}],"author":[{"embeddable":true,"href":"https:\/\/www.ramm.be\/cms\/wp-json\/wp\/v2\/users\/2"}],"replies":[{"embeddable":true,"href":"https:\/\/www.ramm.be\/cms\/wp-json\/wp\/v2\/comments?post=392"}],"version-history":[{"count":1,"href":"https:\/\/www.ramm.be\/cms\/wp-json\/wp\/v2\/posts\/392\/revisions"}],"predecessor-version":[{"id":393,"href":"https:\/\/www.ramm.be\/cms\/wp-json\/wp\/v2\/posts\/392\/revisions\/393"}],"wp:attachment":[{"href":"https:\/\/www.ramm.be\/cms\/wp-json\/wp\/v2\/media?parent=392"}],"wp:term":[{"taxonomy":"category","embeddable":true,"href":"https:\/\/www.ramm.be\/cms\/wp-json\/wp\/v2\/categories?post=392"},{"taxonomy":"post_tag","embeddable":true,"href":"https:\/\/www.ramm.be\/cms\/wp-json\/wp\/v2\/tags?post=392"}],"curies":[{"name":"wp","href":"https:\/\/api.w.org\/{rel}","templated":true}]}}