{"id":390,"date":"2021-10-17T16:00:00","date_gmt":"2021-10-17T14:00:00","guid":{"rendered":"https:\/\/www.qatv.be\/ramm\/cms\/?p=390"},"modified":"2022-12-15T16:25:18","modified_gmt":"2022-12-15T15:25:18","slug":"communique-officiel-r-a-m-m-17-10-2021-alberto-silvano","status":"publish","type":"post","link":"https:\/\/www.ramm.be\/cms\/2021\/10\/17\/communique-officiel-r-a-m-m-17-10-2021-alberto-silvano\/","title":{"rendered":"COMMUNIQUE OFFICIEL R.A.M.M. \/\/ 17.10.2021 \/\/ Alberto SILVANO"},"content":{"rendered":"\n<p>Il y a quelques jours, suite \u00e0 diff\u00e9rents faits internes, le Conseil d\u2019Administration de la R.A.M.M. a estim\u00e9 que Alberto SILVANO n\u2019\u00e9tait plus la bonne personne \u00e0 la bonne place en tant que Pr\u00e9sident du club. Le CA a alors propos\u00e9 \u00e0 Alberto Silvano de rester membre en son sein, avec des t\u00e2ches bien d\u00e9termin\u00e9es en rapport avec ses nombreuses qualit\u00e9s. Apr\u00e8s quelques jours de r\u00e9flexion, Alberto Silvano&nbsp;a signifi\u00e9 qu\u2019il pourrait en effet remplir cette mission mais \u00e0 une seule condition, celle de rester Pr\u00e9sident du club, estimant ne plus \u00eatre cr\u00e9dible si ce n\u2019\u00e9tait pas le cas. Il a d\u00e8s lors&nbsp;inform\u00e9 le&nbsp;Conseil d\u2019Administration que si il n\u2019\u00e9tait plus Pr\u00e9sident, il d\u00e9missionnerait du Conseil d\u2019Administration. Etant donn\u00e9 que le CA n\u2019a pas chang\u00e9 d\u2019avis sur sa position initiale, le club acte malheureusement le d\u00e9part du club de Alberto SILVANO. Le club regrette cette d\u00e9cision car il estime qu&rsquo;il aurait pu rendre de nombreux services \u00e0 son club, notre club, dans un autre r\u00f4le. Le Conseil d\u2019administration remercie chaleureusement Alberto Silvano&nbsp;pour son d\u00e9vouement au club durant ces derni\u00e8res ann\u00e9es et ces 17 mois comme Pr\u00e9sident du club.<\/p>\n\n\n\n<p>Le CA ne fera aucun autre commentaire et continue son travail afin de faire progresser le club \u00e0 tous niveaux.<\/p>\n","protected":false},"excerpt":{"rendered":"<p>Il y a quelques jours, suite \u00e0 diff\u00e9rents faits internes, le Conseil d\u2019Administration de la R.A.M.M. a estim\u00e9 que Alberto SILVANO n\u2019\u00e9tait plus la bonne personne \u00e0 la bonne place en tant que Pr\u00e9sident du club. Le CA a alors propos\u00e9 \u00e0 Alberto Silvano de rester membre en son sein, avec des t\u00e2ches bien d\u00e9termin\u00e9es [&hellip;]<\/p>\n","protected":false},"author":2,"featured_media":0,"comment_status":"closed","ping_status":"closed","sticky":false,"template":"","format":"standard","meta":{"footnotes":""},"categories":[10],"tags":[],"class_list":["post-390","post","type-post","status-publish","format-standard","hentry","category-communication"],"_links":{"self":[{"href":"https:\/\/www.ramm.be\/cms\/wp-json\/wp\/v2\/posts\/390","targetHints":{"allow":["GET"]}}],"collection":[{"href":"https:\/\/www.ramm.be\/cms\/wp-json\/wp\/v2\/posts"}],"about":[{"href":"https:\/\/www.ramm.be\/cms\/wp-json\/wp\/v2\/types\/post"}],"author":[{"embeddable":true,"href":"https:\/\/www.ramm.be\/cms\/wp-json\/wp\/v2\/users\/2"}],"replies":[{"embeddable":true,"href":"https:\/\/www.ramm.be\/cms\/wp-json\/wp\/v2\/comments?post=390"}],"version-history":[{"count":1,"href":"https:\/\/www.ramm.be\/cms\/wp-json\/wp\/v2\/posts\/390\/revisions"}],"predecessor-version":[{"id":391,"href":"https:\/\/www.ramm.be\/cms\/wp-json\/wp\/v2\/posts\/390\/revisions\/391"}],"wp:attachment":[{"href":"https:\/\/www.ramm.be\/cms\/wp-json\/wp\/v2\/media?parent=390"}],"wp:term":[{"taxonomy":"category","embeddable":true,"href":"https:\/\/www.ramm.be\/cms\/wp-json\/wp\/v2\/categories?post=390"},{"taxonomy":"post_tag","embeddable":true,"href":"https:\/\/www.ramm.be\/cms\/wp-json\/wp\/v2\/tags?post=390"}],"curies":[{"name":"wp","href":"https:\/\/api.w.org\/{rel}","templated":true}]}}