{"id":388,"date":"2021-12-13T15:59:00","date_gmt":"2021-12-13T14:59:00","guid":{"rendered":"https:\/\/www.qatv.be\/ramm\/cms\/?p=388"},"modified":"2022-12-15T16:25:07","modified_gmt":"2022-12-15T15:25:07","slug":"communique-officiel-r-a-m-m-13-12-2021-pascal-collin","status":"publish","type":"post","link":"https:\/\/www.ramm.be\/cms\/2021\/12\/13\/communique-officiel-r-a-m-m-13-12-2021-pascal-collin\/","title":{"rendered":"COMMUNIQUE OFFICIEL R.A.M.M. \/\/ 13.12.2021 \/\/ Pascal COLLIN"},"content":{"rendered":"\n<p>Ce dimanche 12 d\u00e9cembre, notre entra\u00eeneur actuel P1, <strong>Pascal COLLIN<\/strong>, a fait part au Conseil&nbsp;d&rsquo;Administration de la R.A.M.M, sa d\u00e9cision de ne pas prolonger \u00e0 la t\u00eate de l&rsquo;\u00e9quipe Premi\u00e8re pour la saison 2022-2023. Il d\u00e9sire de cette fa\u00e7on ne pas faire la saison de trop, qui pourrait \u00eatre pr\u00e9judiciable pour le club ainsi que pour le groupe des joueurs, estimant qu&rsquo;un vent frais est parfois n\u00e9cessaire. Arriv\u00e9 en f\u00e9vrier 2018 \u00e0 ce poste, Pascal a un bilan remarquable avec une mission sauvetage pratiquement impossible \u00e0 r\u00e9aliser&nbsp;mais malgr\u00e9 tout&nbsp;rat\u00e9e de tr\u00e8s peu \u00e0 cause d&rsquo;une saison exceptionnelle \u00e0 18 clubs en P1. Une remont\u00e9e la saison suivante en P1 via le tour final et depuis lors, une stabilit\u00e9 certaine parmi l&rsquo;\u00e9lite provinciale.<\/p>\n\n\n\n<p>D\u00e8s lors, le club remercie chaleureusement Pascal pour son travail et sa r\u00e9ussite depuis tout ce temps.<\/p>\n\n\n\n<p>Avant ce retrait en fin de saison, Pascal est bien d\u00e9termin\u00e9 \u00e0 donner le meilleur de soi et de l&rsquo;inculquer au groupe afin de vivre encore de beaux succ\u00e8s lors des 15 derniers matchs de la saison. Avec une passion et une d\u00e9termination plus que jamais pr\u00e9sentes.&nbsp;<\/p>\n\n\n\n<p>Pascal est et restera un M\u00e9linois et le club est d&rsquo;ores et d\u00e9j\u00e0 en discussion pour \u00e9tudier les opportunit\u00e9s futures dans le club.<\/p>\n\n\n\n<p>Concernant l&rsquo;\u00e9quipe Premi\u00e8re en 2022-2023, le Conseil d&rsquo;Administration va \u00e0 pr\u00e9sent prendre le temps d&rsquo;\u00e9tudier les diff\u00e9rentes candidatures et nouer&nbsp;certains contacts afin de d\u00e9signer le meilleur successeur possible qui permettra \u00e0 la R.A.M.M. de remplir son objectif qui est toujours de p\u00e9renniser le club en P1 \u00e0 long terme.<\/p>\n","protected":false},"excerpt":{"rendered":"<p>Ce dimanche 12 d\u00e9cembre, notre entra\u00eeneur actuel P1, Pascal COLLIN, a fait part au Conseil&nbsp;d&rsquo;Administration de la R.A.M.M, sa d\u00e9cision de ne pas prolonger \u00e0 la t\u00eate de l&rsquo;\u00e9quipe Premi\u00e8re pour la saison 2022-2023. Il d\u00e9sire de cette fa\u00e7on ne pas faire la saison de trop, qui pourrait \u00eatre pr\u00e9judiciable pour le club ainsi que [&hellip;]<\/p>\n","protected":false},"author":2,"featured_media":0,"comment_status":"closed","ping_status":"closed","sticky":false,"template":"","format":"standard","meta":{"footnotes":""},"categories":[10],"tags":[],"class_list":["post-388","post","type-post","status-publish","format-standard","hentry","category-communication"],"_links":{"self":[{"href":"https:\/\/www.ramm.be\/cms\/wp-json\/wp\/v2\/posts\/388","targetHints":{"allow":["GET"]}}],"collection":[{"href":"https:\/\/www.ramm.be\/cms\/wp-json\/wp\/v2\/posts"}],"about":[{"href":"https:\/\/www.ramm.be\/cms\/wp-json\/wp\/v2\/types\/post"}],"author":[{"embeddable":true,"href":"https:\/\/www.ramm.be\/cms\/wp-json\/wp\/v2\/users\/2"}],"replies":[{"embeddable":true,"href":"https:\/\/www.ramm.be\/cms\/wp-json\/wp\/v2\/comments?post=388"}],"version-history":[{"count":1,"href":"https:\/\/www.ramm.be\/cms\/wp-json\/wp\/v2\/posts\/388\/revisions"}],"predecessor-version":[{"id":389,"href":"https:\/\/www.ramm.be\/cms\/wp-json\/wp\/v2\/posts\/388\/revisions\/389"}],"wp:attachment":[{"href":"https:\/\/www.ramm.be\/cms\/wp-json\/wp\/v2\/media?parent=388"}],"wp:term":[{"taxonomy":"category","embeddable":true,"href":"https:\/\/www.ramm.be\/cms\/wp-json\/wp\/v2\/categories?post=388"},{"taxonomy":"post_tag","embeddable":true,"href":"https:\/\/www.ramm.be\/cms\/wp-json\/wp\/v2\/tags?post=388"}],"curies":[{"name":"wp","href":"https:\/\/api.w.org\/{rel}","templated":true}]}}