{"id":386,"date":"2022-01-11T15:58:47","date_gmt":"2022-01-11T14:58:47","guid":{"rendered":"https:\/\/www.qatv.be\/ramm\/cms\/?p=386"},"modified":"2022-12-15T16:24:58","modified_gmt":"2022-12-15T15:24:58","slug":"communique-officiel-r-a-m-m-11-01-2022-bienvenue-a-john-gaspard-et-mikael-calicetto","status":"publish","type":"post","link":"https:\/\/www.ramm.be\/cms\/2022\/01\/11\/communique-officiel-r-a-m-m-11-01-2022-bienvenue-a-john-gaspard-et-mikael-calicetto\/","title":{"rendered":"COMMUNIQUE OFFICIEL R.A.M.M. \/\/ 11.01.2022 \/\/ Bienvenue \u00e0 John GASPARD et Mika\u00ebl CALICETTO"},"content":{"rendered":"\n<p>Le Conseil d&rsquo;Administration de la R.A.M.M. est heureux d&rsquo;officialiser l&rsquo;accord intervenu avec <strong>John GASPARD<\/strong> (T1) et <strong>Mika\u00ebl CALICETTO<\/strong> (T2) afin que ceux-ci forment une partie du staff de l&rsquo;\u00e9quipe Premi\u00e8re lors de la saison 2022-2023.<\/p>\n\n\n\n<p>A la suite de la d\u00e9cision de Pascal COLLIN de ne pas continuer \u00e0 ce poste la saison prochaine, de nombreuses candidatures nous sont parvenues. Le club a pris le temps de recevoir chacun des candidats et ainsi tenter de d\u00e9finir les profils id\u00e9aux, sur base de diff\u00e9rents crit\u00e8res. Le club tient d&rsquo;ailleurs \u00e0 remercier tous les candidats pour leur int\u00e9r\u00eat.&nbsp;Le choix s&rsquo;est ainsi port\u00e9 sur ce duo&nbsp;bien connu&nbsp;en Province du Luxembourg.<\/p>\n\n\n\n<p>Champion avec Vielsalm dans le pass\u00e9, John GASPARD, citoyen \u00e0 pr\u00e9sent de Louveign\u00e9e, a ensuite rejoint le club d&rsquo;Aywaille&nbsp;o\u00f9 il a connu plusieurs postes avant d&rsquo;\u00eatre le T2 de Patrick Fabbri en D3 Amateurs.. Depuis d\u00e9cembre dernier, il fait partie du staff du FC Herstal (D3 Amateurs ACFF) dans le cadre de sa formation au dipl\u00f4me UEFA-A dont il est un candidat cette saison.<\/p>\n\n\n\n<p>De son c\u00f4t\u00e9, Mika\u00ebl CALICETTO a lui aussi \u00e9t\u00e9 actif en Poovince du Luxembourg, notamment \u00e0 Manhay.<\/p>\n\n\n\n<p>La R.A.M.M. souhaite bonne chance \u00e0 John et Mika\u00ebl dans leurs futures fonctions et leur souhaitent le plein \u00e9panouissement \u00e0 ce poste. D&rsquo;ici peu, ils rencontreront les coachs actuels ainsi que les joueurs afin de former le noyau 2022-2023.&nbsp;<\/p>\n\n\n\n<p>Le club tient aussi \u00e0 r\u00e9it\u00e9rer sa pleine confiance et son soutien total au staff actuel afin de clot\u00fbrer de la meilleure mani\u00e8re possible ce tr\u00e8s beau chapitre du club sous leur direction.<\/p>\n","protected":false},"excerpt":{"rendered":"<p>Le Conseil d&rsquo;Administration de la R.A.M.M. est heureux d&rsquo;officialiser l&rsquo;accord intervenu avec John GASPARD (T1) et Mika\u00ebl CALICETTO (T2) afin que ceux-ci forment une partie du staff de l&rsquo;\u00e9quipe Premi\u00e8re lors de la saison 2022-2023. A la suite de la d\u00e9cision de Pascal COLLIN de ne pas continuer \u00e0 ce poste la saison prochaine, de [&hellip;]<\/p>\n","protected":false},"author":2,"featured_media":0,"comment_status":"closed","ping_status":"closed","sticky":false,"template":"","format":"standard","meta":{"footnotes":""},"categories":[10],"tags":[],"class_list":["post-386","post","type-post","status-publish","format-standard","hentry","category-communication"],"_links":{"self":[{"href":"https:\/\/www.ramm.be\/cms\/wp-json\/wp\/v2\/posts\/386","targetHints":{"allow":["GET"]}}],"collection":[{"href":"https:\/\/www.ramm.be\/cms\/wp-json\/wp\/v2\/posts"}],"about":[{"href":"https:\/\/www.ramm.be\/cms\/wp-json\/wp\/v2\/types\/post"}],"author":[{"embeddable":true,"href":"https:\/\/www.ramm.be\/cms\/wp-json\/wp\/v2\/users\/2"}],"replies":[{"embeddable":true,"href":"https:\/\/www.ramm.be\/cms\/wp-json\/wp\/v2\/comments?post=386"}],"version-history":[{"count":1,"href":"https:\/\/www.ramm.be\/cms\/wp-json\/wp\/v2\/posts\/386\/revisions"}],"predecessor-version":[{"id":387,"href":"https:\/\/www.ramm.be\/cms\/wp-json\/wp\/v2\/posts\/386\/revisions\/387"}],"wp:attachment":[{"href":"https:\/\/www.ramm.be\/cms\/wp-json\/wp\/v2\/media?parent=386"}],"wp:term":[{"taxonomy":"category","embeddable":true,"href":"https:\/\/www.ramm.be\/cms\/wp-json\/wp\/v2\/categories?post=386"},{"taxonomy":"post_tag","embeddable":true,"href":"https:\/\/www.ramm.be\/cms\/wp-json\/wp\/v2\/tags?post=386"}],"curies":[{"name":"wp","href":"https:\/\/api.w.org\/{rel}","templated":true}]}}