{"id":384,"date":"2022-01-13T15:42:38","date_gmt":"2022-01-13T14:42:38","guid":{"rendered":"https:\/\/www.qatv.be\/ramm\/cms\/?p=384"},"modified":"2022-12-15T15:43:44","modified_gmt":"2022-12-15T14:43:44","slug":"communique-officiel-r-a-m-m-13-01-2022-pascal-collin","status":"publish","type":"post","link":"https:\/\/www.ramm.be\/cms\/2022\/01\/13\/communique-officiel-r-a-m-m-13-01-2022-pascal-collin\/","title":{"rendered":"COMMUNIQUE OFFICIEL R.A.M.M. \/\/ 13.01.2022 \/\/ Pascal COLLIN"},"content":{"rendered":"\n<p>Le Conseil d&rsquo;Administration de la R.A.M.M. est heureux d&rsquo;annoncer avoir trouv\u00e9 un accord avec <strong>Pascal COLLIN<\/strong> pour le poste de RTFJ (Responsable Technique de la Formation des Jeunes) et directeur sportif&nbsp;du club d\u00e8s la saison 2022-2023.&nbsp;<\/p>\n\n\n\n<p>Le club entend ainsi marquer sa volont\u00e9 de plus que jamais miser sur l&rsquo;Ecole des jeunes, \u00e9tant bien entendu que le but de celle-ci, outre l&rsquo;\u00e9panouissement personnel de chacun de nos jeunes,&nbsp;est \u00e0 terme de fournir un maximum de joueurs pour les \u00e9quipes Premi\u00e8res.&nbsp;<\/p>\n\n\n\n<p>Le club f\u00e9licite Pascal pour ce nouveau challenge et lui&nbsp;souhaite pleine r\u00e9ussite. Il va dans les prochaines semaines s&rsquo;atteler \u00e0 mettre un staff complet de coordinateurs et formateurs en place en vue de la saison prochaine. Le travail est colossal mais le club entend ainsi, \u00e0 terme, retrouver son lustre d&rsquo;antan concernant la formation des jeunes.<\/p>\n\n\n\n<p>Pascal est actuellement en possession du brevet UEFA-B et entend passer d\u00e8s que possible le dipl\u00f4me sp\u00e9cifique de RTFJ.<\/p>\n","protected":false},"excerpt":{"rendered":"<p>Le Conseil d&rsquo;Administration de la R.A.M.M. est heureux d&rsquo;annoncer avoir trouv\u00e9 un accord avec Pascal COLLIN pour le poste de RTFJ (Responsable Technique de la Formation des Jeunes) et directeur sportif&nbsp;du club d\u00e8s la saison 2022-2023.&nbsp; Le club entend ainsi marquer sa volont\u00e9 de plus que jamais miser sur l&rsquo;Ecole des jeunes, \u00e9tant bien entendu [&hellip;]<\/p>\n","protected":false},"author":2,"featured_media":0,"comment_status":"closed","ping_status":"closed","sticky":false,"template":"","format":"standard","meta":{"footnotes":""},"categories":[10],"tags":[],"class_list":["post-384","post","type-post","status-publish","format-standard","hentry","category-communication"],"_links":{"self":[{"href":"https:\/\/www.ramm.be\/cms\/wp-json\/wp\/v2\/posts\/384","targetHints":{"allow":["GET"]}}],"collection":[{"href":"https:\/\/www.ramm.be\/cms\/wp-json\/wp\/v2\/posts"}],"about":[{"href":"https:\/\/www.ramm.be\/cms\/wp-json\/wp\/v2\/types\/post"}],"author":[{"embeddable":true,"href":"https:\/\/www.ramm.be\/cms\/wp-json\/wp\/v2\/users\/2"}],"replies":[{"embeddable":true,"href":"https:\/\/www.ramm.be\/cms\/wp-json\/wp\/v2\/comments?post=384"}],"version-history":[{"count":1,"href":"https:\/\/www.ramm.be\/cms\/wp-json\/wp\/v2\/posts\/384\/revisions"}],"predecessor-version":[{"id":385,"href":"https:\/\/www.ramm.be\/cms\/wp-json\/wp\/v2\/posts\/384\/revisions\/385"}],"wp:attachment":[{"href":"https:\/\/www.ramm.be\/cms\/wp-json\/wp\/v2\/media?parent=384"}],"wp:term":[{"taxonomy":"category","embeddable":true,"href":"https:\/\/www.ramm.be\/cms\/wp-json\/wp\/v2\/categories?post=384"},{"taxonomy":"post_tag","embeddable":true,"href":"https:\/\/www.ramm.be\/cms\/wp-json\/wp\/v2\/tags?post=384"}],"curies":[{"name":"wp","href":"https:\/\/api.w.org\/{rel}","templated":true}]}}