{"id":382,"date":"2022-01-29T15:41:49","date_gmt":"2022-01-29T14:41:49","guid":{"rendered":"https:\/\/www.qatv.be\/ramm\/cms\/?p=382"},"modified":"2022-12-15T15:43:33","modified_gmt":"2022-12-15T14:43:33","slug":"communique-officiel-r-a-m-m-29-01-2022-olivier-nivelle","status":"publish","type":"post","link":"https:\/\/www.ramm.be\/cms\/2022\/01\/29\/communique-officiel-r-a-m-m-29-01-2022-olivier-nivelle\/","title":{"rendered":"COMMUNIQUE OFFICIEL R.A.M.M. \/\/ 29.01.2022 \/\/ Olivier NIVELLE"},"content":{"rendered":"\n<p>Le conseil d&rsquo;Administration de la R.A.M.M. annonce que <strong>Olivier NIVELLE<\/strong> sera l&rsquo;entraineur de l&rsquo;\u00e9quipe Premi\u00e8re B la saison prochaine. Actuellement coach des U19 Provinciaux et en possession du Brevet A (=UEFA-B) comme dipl\u00f4me d&rsquo;entraineur,&nbsp;il prendra donc en charge notre \u00e9quipe B la saison prochaine.<\/p>\n\n\n\n<p>Le club f\u00e9licite Olivier Nivelle pour cette nomination et lui souhaite beaucoup de bonheur et plein \u00e9panouissement dans ce r\u00f4le. Il va \u00e0 pr\u00e9sent s&rsquo;atteler \u00e0 la confection de son noyau avec comme objectif que cette \u00e9quipe doit servir de tremplin vers l&rsquo;\u00e9quipe Premi\u00e8re. Une \u00e9quipe jeune entour\u00e9e de quelques joueurs plus exp\u00e9riment\u00e9s.<\/p>\n","protected":false},"excerpt":{"rendered":"<p>Le conseil d&rsquo;Administration de la R.A.M.M. annonce que Olivier NIVELLE sera l&rsquo;entraineur de l&rsquo;\u00e9quipe Premi\u00e8re B la saison prochaine. Actuellement coach des U19 Provinciaux et en possession du Brevet A (=UEFA-B) comme dipl\u00f4me d&rsquo;entraineur,&nbsp;il prendra donc en charge notre \u00e9quipe B la saison prochaine. Le club f\u00e9licite Olivier Nivelle pour cette nomination et lui souhaite [&hellip;]<\/p>\n","protected":false},"author":2,"featured_media":0,"comment_status":"closed","ping_status":"closed","sticky":false,"template":"","format":"standard","meta":{"footnotes":""},"categories":[10],"tags":[],"class_list":["post-382","post","type-post","status-publish","format-standard","hentry","category-communication"],"_links":{"self":[{"href":"https:\/\/www.ramm.be\/cms\/wp-json\/wp\/v2\/posts\/382","targetHints":{"allow":["GET"]}}],"collection":[{"href":"https:\/\/www.ramm.be\/cms\/wp-json\/wp\/v2\/posts"}],"about":[{"href":"https:\/\/www.ramm.be\/cms\/wp-json\/wp\/v2\/types\/post"}],"author":[{"embeddable":true,"href":"https:\/\/www.ramm.be\/cms\/wp-json\/wp\/v2\/users\/2"}],"replies":[{"embeddable":true,"href":"https:\/\/www.ramm.be\/cms\/wp-json\/wp\/v2\/comments?post=382"}],"version-history":[{"count":1,"href":"https:\/\/www.ramm.be\/cms\/wp-json\/wp\/v2\/posts\/382\/revisions"}],"predecessor-version":[{"id":383,"href":"https:\/\/www.ramm.be\/cms\/wp-json\/wp\/v2\/posts\/382\/revisions\/383"}],"wp:attachment":[{"href":"https:\/\/www.ramm.be\/cms\/wp-json\/wp\/v2\/media?parent=382"}],"wp:term":[{"taxonomy":"category","embeddable":true,"href":"https:\/\/www.ramm.be\/cms\/wp-json\/wp\/v2\/categories?post=382"},{"taxonomy":"post_tag","embeddable":true,"href":"https:\/\/www.ramm.be\/cms\/wp-json\/wp\/v2\/tags?post=382"}],"curies":[{"name":"wp","href":"https:\/\/api.w.org\/{rel}","templated":true}]}}