{"id":380,"date":"2022-01-29T15:39:38","date_gmt":"2022-01-29T14:39:38","guid":{"rendered":"https:\/\/www.qatv.be\/ramm\/cms\/?p=380"},"modified":"2022-12-15T15:43:38","modified_gmt":"2022-12-15T14:43:38","slug":"communique-officiel-r-a-m-m-29-01-2022-david-mullender","status":"publish","type":"post","link":"https:\/\/www.ramm.be\/cms\/2022\/01\/29\/communique-officiel-r-a-m-m-29-01-2022-david-mullender\/","title":{"rendered":"COMMUNIQUE OFFICIEL R.A.M.M. \/\/ 29.01.2022 \/\/ David MULLENDER"},"content":{"rendered":"\n<p>Le conseil d&rsquo;Administration annonce que <strong>David MULLENDER<\/strong> a fait part de son intention de ne plus \u00eatre Pr\u00e9sident des Jeunes \u00e0 l&rsquo;avenir. En effet, pour des raisons professionnelles, il ne pourra plus\u00a0consacrer le temps n\u00e9cessaire \u00e0 cette fonction. N\u00e9anmoins, il reste membre du Conseil d&rsquo;Administration et tentera de faire au mieux en attendant un successeur.\u00a0Il est\u00a0bien s\u00fbr toujours joignable par t\u00e9l\u00e9phone, avec peut-\u00eatre un d\u00e9lai de r\u00e9ponses un peu plus long.<\/p>\n","protected":false},"excerpt":{"rendered":"<p>Le conseil d&rsquo;Administration annonce que David MULLENDER a fait part de son intention de ne plus \u00eatre Pr\u00e9sident des Jeunes \u00e0 l&rsquo;avenir. En effet, pour des raisons professionnelles, il ne pourra plus\u00a0consacrer le temps n\u00e9cessaire \u00e0 cette fonction. N\u00e9anmoins, il reste membre du Conseil d&rsquo;Administration et tentera de faire au mieux en attendant un successeur.\u00a0Il [&hellip;]<\/p>\n","protected":false},"author":2,"featured_media":0,"comment_status":"closed","ping_status":"closed","sticky":false,"template":"","format":"standard","meta":{"footnotes":""},"categories":[10],"tags":[],"class_list":["post-380","post","type-post","status-publish","format-standard","hentry","category-communication"],"_links":{"self":[{"href":"https:\/\/www.ramm.be\/cms\/wp-json\/wp\/v2\/posts\/380","targetHints":{"allow":["GET"]}}],"collection":[{"href":"https:\/\/www.ramm.be\/cms\/wp-json\/wp\/v2\/posts"}],"about":[{"href":"https:\/\/www.ramm.be\/cms\/wp-json\/wp\/v2\/types\/post"}],"author":[{"embeddable":true,"href":"https:\/\/www.ramm.be\/cms\/wp-json\/wp\/v2\/users\/2"}],"replies":[{"embeddable":true,"href":"https:\/\/www.ramm.be\/cms\/wp-json\/wp\/v2\/comments?post=380"}],"version-history":[{"count":1,"href":"https:\/\/www.ramm.be\/cms\/wp-json\/wp\/v2\/posts\/380\/revisions"}],"predecessor-version":[{"id":381,"href":"https:\/\/www.ramm.be\/cms\/wp-json\/wp\/v2\/posts\/380\/revisions\/381"}],"wp:attachment":[{"href":"https:\/\/www.ramm.be\/cms\/wp-json\/wp\/v2\/media?parent=380"}],"wp:term":[{"taxonomy":"category","embeddable":true,"href":"https:\/\/www.ramm.be\/cms\/wp-json\/wp\/v2\/categories?post=380"},{"taxonomy":"post_tag","embeddable":true,"href":"https:\/\/www.ramm.be\/cms\/wp-json\/wp\/v2\/tags?post=380"}],"curies":[{"name":"wp","href":"https:\/\/api.w.org\/{rel}","templated":true}]}}