{"id":371,"date":"2022-03-04T15:27:11","date_gmt":"2022-03-04T14:27:11","guid":{"rendered":"https:\/\/www.qatv.be\/ramm\/cms\/?p=371"},"modified":"2022-12-15T15:32:19","modified_gmt":"2022-12-15T14:32:19","slug":"staff-sportif-jeunes-2022-2023-rendez-vous-le-25-mars-a-19h30","status":"publish","type":"post","link":"https:\/\/www.ramm.be\/cms\/2022\/03\/04\/staff-sportif-jeunes-2022-2023-rendez-vous-le-25-mars-a-19h30\/","title":{"rendered":"Staff sportif Jeunes 2022-2023 &#8211; Rendez-vous le 25 mars \u00e0 19h30"},"content":{"rendered":"\n<p>Comme d\u00e9ja annonc\u00e9 auparavant, <strong>Pascal COLLIN<\/strong> sera directeur sportif lors de la saison 2022-2023. A pr\u00e9sent la R.A.M.M. est heureuse d&rsquo;annoncer les 2 coordinateurs qui seront en place la saison prochaine.<\/p>\n\n\n\n<p><strong>Santo VENTURA<\/strong> continuera sa mission comme coordinateur du jeu \u00e0 5 et \u00e0 8 (U6 \u00e0 U13) tandis que <strong>Thierry TONDEUR<\/strong> sera coordinateur du jeu \u00e0 11 (U14 \u00e0 U19).<\/p>\n\n\n\n<p>Nous souhaitons la bienvenue et plein \u00e9panouissement \u00e0 Thierry dans ce nouveau r\u00f4le qu&rsquo;il va d&rsquo;ores et d\u00e9j\u00e0 occup\u00e9 en cette fin de saison afin d&rsquo;au mieux pr\u00e9parer la saison prochaine.&nbsp;<\/p>\n\n\n\n<p>La saison prochaine marquera donc un changement important dans le club, au niveau de l&rsquo;organisation et de la structure mise en place.<\/p>\n\n\n\n<p><strong>A ce propos, une r\u00e9union d&rsquo;information aura lieu dans la caf\u00e9t\u00e9ria le vendredi 25 mars \u00e0 19h30. Vous pourrez \u00e0 cette occasion d\u00e9couvrir les d\u00e9tails concernant cette nouvelle philisophie au niveau des Jeunes.&nbsp;<\/strong><\/p>\n\n\n\n<p>Nous comptons sur votre pr\u00e9sence \u00e0 cette r\u00e9union importante qui concerne l&rsquo;avenir de vos enfants et l&rsquo;\u00e9panouissement de ceux-ci dans le club. Veuillez noter que la friterie sera ouverte \u00e0 cette occasion pour ceux qui n&rsquo;auront pas eu le temps de se restaurer avant la r\u00e9union.<\/p>\n","protected":false},"excerpt":{"rendered":"<p>Comme d\u00e9ja annonc\u00e9 auparavant, Pascal COLLIN sera directeur sportif lors de la saison 2022-2023. A pr\u00e9sent la R.A.M.M. est heureuse d&rsquo;annoncer les 2 coordinateurs qui seront en place la saison prochaine. Santo VENTURA continuera sa mission comme coordinateur du jeu \u00e0 5 et \u00e0 8 (U6 \u00e0 U13) tandis que Thierry TONDEUR sera coordinateur du [&hellip;]<\/p>\n","protected":false},"author":2,"featured_media":0,"comment_status":"closed","ping_status":"closed","sticky":false,"template":"","format":"standard","meta":{"footnotes":""},"categories":[10],"tags":[9],"class_list":["post-371","post","type-post","status-publish","format-standard","hentry","category-communication","tag-jeunes"],"_links":{"self":[{"href":"https:\/\/www.ramm.be\/cms\/wp-json\/wp\/v2\/posts\/371","targetHints":{"allow":["GET"]}}],"collection":[{"href":"https:\/\/www.ramm.be\/cms\/wp-json\/wp\/v2\/posts"}],"about":[{"href":"https:\/\/www.ramm.be\/cms\/wp-json\/wp\/v2\/types\/post"}],"author":[{"embeddable":true,"href":"https:\/\/www.ramm.be\/cms\/wp-json\/wp\/v2\/users\/2"}],"replies":[{"embeddable":true,"href":"https:\/\/www.ramm.be\/cms\/wp-json\/wp\/v2\/comments?post=371"}],"version-history":[{"count":1,"href":"https:\/\/www.ramm.be\/cms\/wp-json\/wp\/v2\/posts\/371\/revisions"}],"predecessor-version":[{"id":372,"href":"https:\/\/www.ramm.be\/cms\/wp-json\/wp\/v2\/posts\/371\/revisions\/372"}],"wp:attachment":[{"href":"https:\/\/www.ramm.be\/cms\/wp-json\/wp\/v2\/media?parent=371"}],"wp:term":[{"taxonomy":"category","embeddable":true,"href":"https:\/\/www.ramm.be\/cms\/wp-json\/wp\/v2\/categories?post=371"},{"taxonomy":"post_tag","embeddable":true,"href":"https:\/\/www.ramm.be\/cms\/wp-json\/wp\/v2\/tags?post=371"}],"curies":[{"name":"wp","href":"https:\/\/api.w.org\/{rel}","templated":true}]}}