{"id":369,"date":"2022-05-18T15:25:27","date_gmt":"2022-05-18T13:25:27","guid":{"rendered":"https:\/\/www.qatv.be\/ramm\/cms\/?p=369"},"modified":"2022-12-15T15:31:30","modified_gmt":"2022-12-15T14:31:30","slug":"communique-officiel-r-a-m-m-18-05-2022-john-gaspard-et-mikael-calicetto","status":"publish","type":"post","link":"https:\/\/www.ramm.be\/cms\/2022\/05\/18\/communique-officiel-r-a-m-m-18-05-2022-john-gaspard-et-mikael-calicetto\/","title":{"rendered":"COMMUNIQUE OFFICIEL R.A.M.M. \/\/ 18.05.2022 \/\/ John GASPARD et Mika\u00ebl CALICETTO"},"content":{"rendered":"\n<p>Le Conseil d&rsquo;Administration de la R.A.M.M. informe ce jour la fin de la collaboration avec l&rsquo;entraineur d\u00e9sign\u00e9 en janvier dernier pour 2022-2023 de l&rsquo;\u00e9quipe Premi\u00e8re, Mr. <strong>John GASPARD<\/strong> ainsi que son adjoint, Mr <strong>Mika\u00ebl CALICETTO<\/strong>. Le Conseil d&rsquo;Administration a pris cette d\u00e9cision difficile suite \u00e0 des divergences de points de vue et diff\u00e9rents faits rendant la confiance mutuelle dans le futur impossible. Le Conseil d&rsquo;Administration remercie Messieurs John GASPARD et Mika\u00ebl CALICETTO pour leur int\u00e9r\u00eat envers notre club et leur souhaite le meilleur dans la suite de leur carri\u00e8re.&nbsp;<\/p>\n\n\n\n<p>Le club va \u00e0 pr\u00e9sent prendre quelques jours afin de d\u00e9signer un nouveau coach pour la saison 2022-2023 en compagnie du directeur sportif du club. Le nouvel entraineur&nbsp;aura la mission de poursuivre la stabilit\u00e9 du club en P1 et de p\u00e9r\u00e9nniser l&rsquo;\u00e9quipe parmi l&rsquo;\u00e9lite provinciale. Les transferts d\u00e9j\u00e0 r\u00e9alis\u00e9s pour la saison prochaine ne sont nullement remis en cause et seront vus par le nouveau coach d\u00e8s que celui-ci sera mis en place.<\/p>\n","protected":false},"excerpt":{"rendered":"<p>Le Conseil d&rsquo;Administration de la R.A.M.M. informe ce jour la fin de la collaboration avec l&rsquo;entraineur d\u00e9sign\u00e9 en janvier dernier pour 2022-2023 de l&rsquo;\u00e9quipe Premi\u00e8re, Mr. John GASPARD ainsi que son adjoint, Mr Mika\u00ebl CALICETTO. Le Conseil d&rsquo;Administration a pris cette d\u00e9cision difficile suite \u00e0 des divergences de points de vue et diff\u00e9rents faits rendant [&hellip;]<\/p>\n","protected":false},"author":2,"featured_media":0,"comment_status":"closed","ping_status":"closed","sticky":false,"template":"","format":"standard","meta":{"footnotes":""},"categories":[10],"tags":[],"class_list":["post-369","post","type-post","status-publish","format-standard","hentry","category-communication"],"_links":{"self":[{"href":"https:\/\/www.ramm.be\/cms\/wp-json\/wp\/v2\/posts\/369","targetHints":{"allow":["GET"]}}],"collection":[{"href":"https:\/\/www.ramm.be\/cms\/wp-json\/wp\/v2\/posts"}],"about":[{"href":"https:\/\/www.ramm.be\/cms\/wp-json\/wp\/v2\/types\/post"}],"author":[{"embeddable":true,"href":"https:\/\/www.ramm.be\/cms\/wp-json\/wp\/v2\/users\/2"}],"replies":[{"embeddable":true,"href":"https:\/\/www.ramm.be\/cms\/wp-json\/wp\/v2\/comments?post=369"}],"version-history":[{"count":2,"href":"https:\/\/www.ramm.be\/cms\/wp-json\/wp\/v2\/posts\/369\/revisions"}],"predecessor-version":[{"id":373,"href":"https:\/\/www.ramm.be\/cms\/wp-json\/wp\/v2\/posts\/369\/revisions\/373"}],"wp:attachment":[{"href":"https:\/\/www.ramm.be\/cms\/wp-json\/wp\/v2\/media?parent=369"}],"wp:term":[{"taxonomy":"category","embeddable":true,"href":"https:\/\/www.ramm.be\/cms\/wp-json\/wp\/v2\/categories?post=369"},{"taxonomy":"post_tag","embeddable":true,"href":"https:\/\/www.ramm.be\/cms\/wp-json\/wp\/v2\/tags?post=369"}],"curies":[{"name":"wp","href":"https:\/\/api.w.org\/{rel}","templated":true}]}}