{"id":362,"date":"2022-03-08T15:15:32","date_gmt":"2022-03-08T14:15:32","guid":{"rendered":"https:\/\/www.qatv.be\/ramm\/cms\/?p=362"},"modified":"2022-12-15T15:31:46","modified_gmt":"2022-12-15T14:31:46","slug":"mr-petit-didier-1974-2022","status":"publish","type":"post","link":"https:\/\/www.ramm.be\/cms\/2022\/03\/08\/mr-petit-didier-1974-2022\/","title":{"rendered":"Mr. PETIT Didier (1974-2022)"},"content":{"rendered":"\n<p>Les mots nous manquent Didier&#8230; tu as d\u00e9cid\u00e9 de nouis quitter :-(.<\/p>\n\n\n\n<p>Merci pour tout ce que tu as apport\u00e9 \u00e0 notre club, comme joueur embl\u00e9matique d&rsquo;abord, ensuite dans diff\u00e9rents r\u00f4les dans le club, ton club.<\/p>\n\n\n\n<p>Le club pr\u00e9sente ses plus sinc\u00e8res condol\u00e9ances \u00e0 tous ses proches.<\/p>\n\n\n\n<p>Repose en paix Didier<\/p>\n\n\n\n<figure class=\"wp-block-image size-full is-style-default\"><img loading=\"lazy\" decoding=\"async\" width=\"602\" height=\"748\" src=\"https:\/\/www.qatv.be\/ramm\/cms\/wp-content\/uploads\/2022\/12\/didierpetit.png\" alt=\"Faire part Didier Petit\" class=\"wp-image-363\" srcset=\"https:\/\/www.ramm.be\/cms\/wp-content\/uploads\/2022\/12\/didierpetit.png 602w, https:\/\/www.ramm.be\/cms\/wp-content\/uploads\/2022\/12\/didierpetit-241x300.png 241w\" sizes=\"auto, (max-width: 602px) 100vw, 602px\" \/><\/figure>\n","protected":false},"excerpt":{"rendered":"<p>Les mots nous manquent Didier&#8230; tu as d\u00e9cid\u00e9 de nouis quitter :-(. Merci pour tout ce que tu as apport\u00e9 \u00e0 notre club, comme joueur embl\u00e9matique d&rsquo;abord, ensuite dans diff\u00e9rents r\u00f4les dans le club, ton club. Le club pr\u00e9sente ses plus sinc\u00e8res condol\u00e9ances \u00e0 tous ses proches. Repose en paix Didier<\/p>\n","protected":false},"author":2,"featured_media":0,"comment_status":"closed","ping_status":"closed","sticky":false,"template":"","format":"standard","meta":{"footnotes":""},"categories":[10],"tags":[],"class_list":["post-362","post","type-post","status-publish","format-standard","hentry","category-communication"],"_links":{"self":[{"href":"https:\/\/www.ramm.be\/cms\/wp-json\/wp\/v2\/posts\/362","targetHints":{"allow":["GET"]}}],"collection":[{"href":"https:\/\/www.ramm.be\/cms\/wp-json\/wp\/v2\/posts"}],"about":[{"href":"https:\/\/www.ramm.be\/cms\/wp-json\/wp\/v2\/types\/post"}],"author":[{"embeddable":true,"href":"https:\/\/www.ramm.be\/cms\/wp-json\/wp\/v2\/users\/2"}],"replies":[{"embeddable":true,"href":"https:\/\/www.ramm.be\/cms\/wp-json\/wp\/v2\/comments?post=362"}],"version-history":[{"count":2,"href":"https:\/\/www.ramm.be\/cms\/wp-json\/wp\/v2\/posts\/362\/revisions"}],"predecessor-version":[{"id":374,"href":"https:\/\/www.ramm.be\/cms\/wp-json\/wp\/v2\/posts\/362\/revisions\/374"}],"wp:attachment":[{"href":"https:\/\/www.ramm.be\/cms\/wp-json\/wp\/v2\/media?parent=362"}],"wp:term":[{"taxonomy":"category","embeddable":true,"href":"https:\/\/www.ramm.be\/cms\/wp-json\/wp\/v2\/categories?post=362"},{"taxonomy":"post_tag","embeddable":true,"href":"https:\/\/www.ramm.be\/cms\/wp-json\/wp\/v2\/tags?post=362"}],"curies":[{"name":"wp","href":"https:\/\/api.w.org\/{rel}","templated":true}]}}