{"id":360,"date":"2022-09-27T15:09:30","date_gmt":"2022-09-27T13:09:30","guid":{"rendered":"https:\/\/www.qatv.be\/ramm\/cms\/?p=360"},"modified":"2022-12-15T15:32:33","modified_gmt":"2022-12-15T14:32:33","slug":"communique-officiel-r-a-m-m-27-09-2022-alain-bettagno","status":"publish","type":"post","link":"https:\/\/www.ramm.be\/cms\/2022\/09\/27\/communique-officiel-r-a-m-m-27-09-2022-alain-bettagno\/","title":{"rendered":"COMMUNIQUE OFFICIEL R.A.M.M. \/\/ 27.09.2022 \/\/ Alain BETTAGNO"},"content":{"rendered":"\n<p>Ce lundi 26 septembre, le Conseil d&rsquo;Administration a d\u00e9cid\u00e9 d&rsquo;arr\u00eater la collaboration avec Monsieur <strong>Alain BETTAGNO<\/strong>. Le club tient \u00e0 remercier Mr Bettagno pour ces deux derniers mois au club et lui souhaite une bonne continuation dans la suite de sa carri\u00e8re.<\/p>\n\n\n\n<p>Le C.A. s&rsquo;est r\u00e9uni ce lundi dans la foul\u00e9e et a d\u00e9cid\u00e9&nbsp;de confier le poste de T1 de notre Equipe Premi\u00e8re \u00e0 Mr. <strong>Santo VENTURA<\/strong>. Nous souhaitons bonne chance et plein \u00e9panouissement \u00e0 Santo dans cette nouvelle fonction dans notre club. L&rsquo;objectif principal sera&nbsp;de maintenir le club dans l&rsquo;\u00e9lite provinciale mais aussi de continuer le d\u00e9veloppement des jeunes joueurs. Il continuera sa fonction de coordinateur du jeu \u00e0 5 et \u00e0 8. Au niveau du staff, Fran\u00e7ois HENKE (T2), Philippe ROGISTER (Gardiens), Thierry VAN HOUDT (d\u00e9l\u00e9gu\u00e9) et Lucie DEFRANCE (kin\u00e9)&nbsp;restent dans leurs r\u00f4les actuels aupr\u00e8s du T1.&nbsp;Il b\u00e9nificiera \u00e9galement du soutien de Pascal COLLIN, le directeur sportif.<\/p>\n","protected":false},"excerpt":{"rendered":"<p>Ce lundi 26 septembre, le Conseil d&rsquo;Administration a d\u00e9cid\u00e9 d&rsquo;arr\u00eater la collaboration avec Monsieur Alain BETTAGNO. Le club tient \u00e0 remercier Mr Bettagno pour ces deux derniers mois au club et lui souhaite une bonne continuation dans la suite de sa carri\u00e8re. Le C.A. s&rsquo;est r\u00e9uni ce lundi dans la foul\u00e9e et a d\u00e9cid\u00e9&nbsp;de confier [&hellip;]<\/p>\n","protected":false},"author":2,"featured_media":0,"comment_status":"closed","ping_status":"closed","sticky":false,"template":"","format":"standard","meta":{"footnotes":""},"categories":[10],"tags":[],"class_list":["post-360","post","type-post","status-publish","format-standard","hentry","category-communication"],"_links":{"self":[{"href":"https:\/\/www.ramm.be\/cms\/wp-json\/wp\/v2\/posts\/360","targetHints":{"allow":["GET"]}}],"collection":[{"href":"https:\/\/www.ramm.be\/cms\/wp-json\/wp\/v2\/posts"}],"about":[{"href":"https:\/\/www.ramm.be\/cms\/wp-json\/wp\/v2\/types\/post"}],"author":[{"embeddable":true,"href":"https:\/\/www.ramm.be\/cms\/wp-json\/wp\/v2\/users\/2"}],"replies":[{"embeddable":true,"href":"https:\/\/www.ramm.be\/cms\/wp-json\/wp\/v2\/comments?post=360"}],"version-history":[{"count":1,"href":"https:\/\/www.ramm.be\/cms\/wp-json\/wp\/v2\/posts\/360\/revisions"}],"predecessor-version":[{"id":361,"href":"https:\/\/www.ramm.be\/cms\/wp-json\/wp\/v2\/posts\/360\/revisions\/361"}],"wp:attachment":[{"href":"https:\/\/www.ramm.be\/cms\/wp-json\/wp\/v2\/media?parent=360"}],"wp:term":[{"taxonomy":"category","embeddable":true,"href":"https:\/\/www.ramm.be\/cms\/wp-json\/wp\/v2\/categories?post=360"},{"taxonomy":"post_tag","embeddable":true,"href":"https:\/\/www.ramm.be\/cms\/wp-json\/wp\/v2\/tags?post=360"}],"curies":[{"name":"wp","href":"https:\/\/api.w.org\/{rel}","templated":true}]}}