{"id":1496,"date":"2025-05-13T18:16:07","date_gmt":"2025-05-13T16:16:07","guid":{"rendered":"https:\/\/www.ramm.be\/cms\/?p=1496"},"modified":"2025-05-13T18:48:38","modified_gmt":"2025-05-13T16:48:38","slug":"communique-r-a-m-m-13-mai-2025","status":"publish","type":"post","link":"https:\/\/www.ramm.be\/cms\/2025\/05\/13\/communique-r-a-m-m-13-mai-2025\/","title":{"rendered":"COMMUNIQUE R.A.M.M. \/\/ 13 mai 2025"},"content":{"rendered":"\n<p>Il y a quelques jours, <strong>Santo VENTURA<\/strong> nous a annonc\u00e9 sa d\u00e9cision de ne pas poursuivre en tant que coordinateur des Jeunes pour la saison 2025-2026. Nous tenons d&rsquo;ores et d\u00e9j\u00e0 \u00e0 remercier Santo, qui finira bien s\u00fbr la saison, pour son travail durant les 4 derni\u00e8res saisons en tant que coordinateur des Jeunes.<\/p>\n\n\n\n<p>Nous avons l&rsquo;honneur d&rsquo;annoncer que <strong>Lo\u00efc RENIER<\/strong> sera le coordinateur des Jeunes pour la saison 2025-2026. D\u00e9j\u00e0 formateur au sein de notre club, il a accept\u00e9 de prendre la succession de Santo Ventura \u00e0 ce poste. Nous souhaitons \u00e0 Lo\u00efc plein \u00e9panouissement et bonheur dans cette nouvelle fonction. Au cours des prochains jours, en contact avec Santo pour la transition et les diff\u00e9rents formateurs, il va affiner son projet qui est d\u00e9j\u00e0 bien constitu\u00e9. Nous pouvons d&rsquo;ores et d\u00e9j\u00e0 annoncer qu&rsquo;une pr\u00e9sentation du projet sera r\u00e9alis\u00e9e d&rsquo;ici la fin de saison (pour rappel, les derniers tournois auront lieu le week-end de Pentec\u00f4te) avec une r\u00e9union o\u00f9 les parents de jeunes seront convi\u00e9s. Nous vous tiendrons au courant de la date de celle-ci tr\u00e8s bient\u00f4t.<\/p>\n","protected":false},"excerpt":{"rendered":"<p>Il y a quelques jours, Santo VENTURA nous a annonc\u00e9 sa d\u00e9cision de ne pas poursuivre en tant que coordinateur des Jeunes pour la saison 2025-2026. Nous tenons d&rsquo;ores et d\u00e9j\u00e0 \u00e0 remercier Santo, qui finira bien s\u00fbr la saison, pour son travail durant les 4 derni\u00e8res saisons en tant que coordinateur des Jeunes. Nous [&hellip;]<\/p>\n","protected":false},"author":2,"featured_media":0,"comment_status":"closed","ping_status":"","sticky":false,"template":"","format":"standard","meta":{"footnotes":""},"categories":[10],"tags":[],"class_list":["post-1496","post","type-post","status-publish","format-standard","hentry","category-communication"],"_links":{"self":[{"href":"https:\/\/www.ramm.be\/cms\/wp-json\/wp\/v2\/posts\/1496","targetHints":{"allow":["GET"]}}],"collection":[{"href":"https:\/\/www.ramm.be\/cms\/wp-json\/wp\/v2\/posts"}],"about":[{"href":"https:\/\/www.ramm.be\/cms\/wp-json\/wp\/v2\/types\/post"}],"author":[{"embeddable":true,"href":"https:\/\/www.ramm.be\/cms\/wp-json\/wp\/v2\/users\/2"}],"replies":[{"embeddable":true,"href":"https:\/\/www.ramm.be\/cms\/wp-json\/wp\/v2\/comments?post=1496"}],"version-history":[{"count":4,"href":"https:\/\/www.ramm.be\/cms\/wp-json\/wp\/v2\/posts\/1496\/revisions"}],"predecessor-version":[{"id":1500,"href":"https:\/\/www.ramm.be\/cms\/wp-json\/wp\/v2\/posts\/1496\/revisions\/1500"}],"wp:attachment":[{"href":"https:\/\/www.ramm.be\/cms\/wp-json\/wp\/v2\/media?parent=1496"}],"wp:term":[{"taxonomy":"category","embeddable":true,"href":"https:\/\/www.ramm.be\/cms\/wp-json\/wp\/v2\/categories?post=1496"},{"taxonomy":"post_tag","embeddable":true,"href":"https:\/\/www.ramm.be\/cms\/wp-json\/wp\/v2\/tags?post=1496"}],"curies":[{"name":"wp","href":"https:\/\/api.w.org\/{rel}","templated":true}]}}