{"id":1448,"date":"2025-03-21T13:12:19","date_gmt":"2025-03-21T12:12:19","guid":{"rendered":"https:\/\/www.ramm.be\/cms\/?p=1448"},"modified":"2025-03-21T13:12:19","modified_gmt":"2025-03-21T12:12:19","slug":"creation-comite-de-jeunes","status":"publish","type":"post","link":"https:\/\/www.ramm.be\/cms\/2025\/03\/21\/creation-comite-de-jeunes\/","title":{"rendered":"Cr\u00e9ation Comit\u00e9 de Jeunes"},"content":{"rendered":"\n<p><img loading=\"lazy\" decoding=\"async\" height=\"16\" width=\"16\" alt=\"\ud83d\udce2\" src=\"https:\/\/static.xx.fbcdn.net\/images\/emoji.php\/v9\/t39\/1\/16\/1f4e2.png\"> Cr\u00e9ation d\u2019un Comit\u00e9 des Jeunes \u00e0 la R.A.M.M ! <img loading=\"lazy\" decoding=\"async\" height=\"16\" width=\"16\" alt=\"\u26bd\" src=\"https:\/\/static.xx.fbcdn.net\/images\/emoji.php\/v9\/taf\/1\/16\/26bd.png\"><img loading=\"lazy\" decoding=\"async\" height=\"16\" width=\"16\" alt=\"\ud83d\udd25\" src=\"https:\/\/static.xx.fbcdn.net\/images\/emoji.php\/v9\/t50\/1\/16\/1f525.png\"><\/p>\n\n\n\n<p>Nous lan\u00e7ons notre Comit\u00e9 des Jeunes, un groupe dynamique compos\u00e9 de parents joueurs et joueuses qui souhaitent s\u2019impliquer davantage dans la vie du club !<\/p>\n\n\n\n<p><img loading=\"lazy\" decoding=\"async\" height=\"16\" width=\"16\" alt=\"\ud83c\udfaf\" src=\"https:\/\/static.xx.fbcdn.net\/images\/emoji.php\/v9\/tb0\/1\/16\/1f3af.png\"> Pourquoi ?<\/p>\n\n\n\n<p>Nous <a><\/a>voulons donner la parole \u00e0 tous pour :<\/p>\n\n\n\n<p><img loading=\"lazy\" decoding=\"async\" height=\"16\" width=\"16\" alt=\"\u2705\" src=\"https:\/\/static.xx.fbcdn.net\/images\/emoji.php\/v9\/t33\/1\/16\/2705.png\"> Relayer les informations importantes aupr\u00e8s des \u00e9quipes et au comit\u00e9.<\/p>\n\n\n\n<p><img loading=\"lazy\" decoding=\"async\" height=\"16\" width=\"16\" alt=\"\u2705\" src=\"https:\/\/static.xx.fbcdn.net\/images\/emoji.php\/v9\/t33\/1\/16\/2705.png\"> Partager des id\u00e9es pour am\u00e9liorer le club<\/p>\n\n\n\n<p><img loading=\"lazy\" decoding=\"async\" height=\"16\" width=\"16\" alt=\"\u2705\" src=\"https:\/\/static.xx.fbcdn.net\/images\/emoji.php\/v9\/t33\/1\/16\/2705.png\"> Organiser des \u00e9v\u00e9nements et actions pour renforcer l\u2019esprit d\u2019\u00e9quipe<\/p>\n\n\n\n<p><img loading=\"lazy\" decoding=\"async\" height=\"16\" width=\"16\" alt=\"\ud83d\udc65\" src=\"https:\/\/static.xx.fbcdn.net\/images\/emoji.php\/v9\/t8b\/1\/16\/1f465.png\"> Qui peut rejoindre ?<\/p>\n\n\n\n<p>Tous les les parents joueurs et joueuses motiv\u00e9s qui veulent contribuer au d\u00e9veloppement du club !<\/p>\n\n\n\n<p><img loading=\"lazy\" decoding=\"async\" height=\"16\" width=\"16\" alt=\"\ud83d\udce9\" src=\"https:\/\/static.xx.fbcdn.net\/images\/emoji.php\/v9\/tc0\/1\/16\/1f4e9.png\"> Comment s\u2019inscrire ?<\/p>\n\n\n\n<p>Contacter Coralie Nols au 0497374962<\/p>\n\n\n\n<p>La fin saison approche, pr\u00e9voyons une premi\u00e8re r\u00e9union afin de faire le point sur cette saison et voir ce que nous pouvons d\u00e9j\u00e0 mettre \u00e0 place !<\/p>\n\n\n\n<p>Rejoindre le Comit\u00e9 des Jeunes, c\u2019est faire entendre ta voix et aider ton club \u00e0 grandir ! <img loading=\"lazy\" decoding=\"async\" height=\"16\" width=\"16\" alt=\"\ud83d\udcaa\" src=\"https:\/\/static.xx.fbcdn.net\/images\/emoji.php\/v9\/t6c\/1\/16\/1f4aa.png\"><img loading=\"lazy\" decoding=\"async\" height=\"16\" width=\"16\" alt=\"\u26bd\" src=\"https:\/\/static.xx.fbcdn.net\/images\/emoji.php\/v9\/taf\/1\/16\/26bd.png\"><\/p>\n","protected":false},"excerpt":{"rendered":"<p>Cr\u00e9ation d\u2019un Comit\u00e9 des Jeunes \u00e0 la R.A.M.M ! Nous lan\u00e7ons notre Comit\u00e9 des Jeunes, un groupe dynamique compos\u00e9 de parents joueurs et joueuses qui souhaitent s\u2019impliquer davantage dans la vie du club ! Pourquoi ? Nous voulons donner la parole \u00e0 tous pour : Relayer les informations importantes aupr\u00e8s des \u00e9quipes et au comit\u00e9. [&hellip;]<\/p>\n","protected":false},"author":2,"featured_media":0,"comment_status":"closed","ping_status":"","sticky":false,"template":"","format":"standard","meta":{"footnotes":""},"categories":[5],"tags":[],"class_list":["post-1448","post","type-post","status-publish","format-standard","hentry","category-evenements"],"_links":{"self":[{"href":"https:\/\/www.ramm.be\/cms\/wp-json\/wp\/v2\/posts\/1448","targetHints":{"allow":["GET"]}}],"collection":[{"href":"https:\/\/www.ramm.be\/cms\/wp-json\/wp\/v2\/posts"}],"about":[{"href":"https:\/\/www.ramm.be\/cms\/wp-json\/wp\/v2\/types\/post"}],"author":[{"embeddable":true,"href":"https:\/\/www.ramm.be\/cms\/wp-json\/wp\/v2\/users\/2"}],"replies":[{"embeddable":true,"href":"https:\/\/www.ramm.be\/cms\/wp-json\/wp\/v2\/comments?post=1448"}],"version-history":[{"count":1,"href":"https:\/\/www.ramm.be\/cms\/wp-json\/wp\/v2\/posts\/1448\/revisions"}],"predecessor-version":[{"id":1449,"href":"https:\/\/www.ramm.be\/cms\/wp-json\/wp\/v2\/posts\/1448\/revisions\/1449"}],"wp:attachment":[{"href":"https:\/\/www.ramm.be\/cms\/wp-json\/wp\/v2\/media?parent=1448"}],"wp:term":[{"taxonomy":"category","embeddable":true,"href":"https:\/\/www.ramm.be\/cms\/wp-json\/wp\/v2\/categories?post=1448"},{"taxonomy":"post_tag","embeddable":true,"href":"https:\/\/www.ramm.be\/cms\/wp-json\/wp\/v2\/tags?post=1448"}],"curies":[{"name":"wp","href":"https:\/\/api.w.org\/{rel}","templated":true}]}}