{"id":1417,"date":"2025-02-26T08:41:01","date_gmt":"2025-02-26T07:41:01","guid":{"rendered":"https:\/\/www.ramm.be\/cms\/?p=1417"},"modified":"2025-02-26T08:41:16","modified_gmt":"2025-02-26T07:41:16","slug":"communique-r-a-m-m-26-fevrier-2025","status":"publish","type":"post","link":"https:\/\/www.ramm.be\/cms\/2025\/02\/26\/communique-r-a-m-m-26-fevrier-2025\/","title":{"rendered":"COMMUNIQUE R.A.M.M. \/\/ 26 f\u00e9vrier 2025"},"content":{"rendered":"\n<p>L&rsquo;Organe d&rsquo;Administration de la Royale Alliance Melen-Micheroux a l&rsquo;honneur d&rsquo;annoncer que l&rsquo;actuel entraineur de la P4, <strong>Jean-Marc BOURDOUXHE<\/strong>, sera l&rsquo;entraineur de la P2 lors de la saison 2025-2026. Il sera accompagn\u00e9 de <strong>R\u00e9gis PIRAUX<\/strong>, qui l&rsquo;accompagne d\u00e9j\u00e0 pour l&rsquo;instant en P4.<\/p>\n\n\n\n<p>Le club souhaite plein succ\u00e8s et \u00e9panouissement \u00e0 Jean-Marc et son staff dans ce nouveau challenge.<\/p>\n\n\n\n<p>La Royale Alliance Melen-Micheroux remercie \u00e9galement par la pr\u00e9sente les nombreux entraineurs qui ont envoy\u00e9 leur candidature.<\/p>\n","protected":false},"excerpt":{"rendered":"<p>L&rsquo;Organe d&rsquo;Administration de la Royale Alliance Melen-Micheroux a l&rsquo;honneur d&rsquo;annoncer que l&rsquo;actuel entraineur de la P4, Jean-Marc BOURDOUXHE, sera l&rsquo;entraineur de la P2 lors de la saison 2025-2026. Il sera accompagn\u00e9 de R\u00e9gis PIRAUX, qui l&rsquo;accompagne d\u00e9j\u00e0 pour l&rsquo;instant en P4. Le club souhaite plein succ\u00e8s et \u00e9panouissement \u00e0 Jean-Marc et son staff dans ce [&hellip;]<\/p>\n","protected":false},"author":2,"featured_media":0,"comment_status":"closed","ping_status":"","sticky":false,"template":"","format":"standard","meta":{"footnotes":""},"categories":[10],"tags":[],"class_list":["post-1417","post","type-post","status-publish","format-standard","hentry","category-communication"],"_links":{"self":[{"href":"https:\/\/www.ramm.be\/cms\/wp-json\/wp\/v2\/posts\/1417","targetHints":{"allow":["GET"]}}],"collection":[{"href":"https:\/\/www.ramm.be\/cms\/wp-json\/wp\/v2\/posts"}],"about":[{"href":"https:\/\/www.ramm.be\/cms\/wp-json\/wp\/v2\/types\/post"}],"author":[{"embeddable":true,"href":"https:\/\/www.ramm.be\/cms\/wp-json\/wp\/v2\/users\/2"}],"replies":[{"embeddable":true,"href":"https:\/\/www.ramm.be\/cms\/wp-json\/wp\/v2\/comments?post=1417"}],"version-history":[{"count":2,"href":"https:\/\/www.ramm.be\/cms\/wp-json\/wp\/v2\/posts\/1417\/revisions"}],"predecessor-version":[{"id":1419,"href":"https:\/\/www.ramm.be\/cms\/wp-json\/wp\/v2\/posts\/1417\/revisions\/1419"}],"wp:attachment":[{"href":"https:\/\/www.ramm.be\/cms\/wp-json\/wp\/v2\/media?parent=1417"}],"wp:term":[{"taxonomy":"category","embeddable":true,"href":"https:\/\/www.ramm.be\/cms\/wp-json\/wp\/v2\/categories?post=1417"},{"taxonomy":"post_tag","embeddable":true,"href":"https:\/\/www.ramm.be\/cms\/wp-json\/wp\/v2\/tags?post=1417"}],"curies":[{"name":"wp","href":"https:\/\/api.w.org\/{rel}","templated":true}]}}