{"id":1406,"date":"2025-02-09T10:22:16","date_gmt":"2025-02-09T09:22:16","guid":{"rendered":"https:\/\/www.ramm.be\/cms\/?p=1406"},"modified":"2025-02-09T10:22:16","modified_gmt":"2025-02-09T09:22:16","slug":"communique-r-am-m-9-fevrier-2025-santo-ventura","status":"publish","type":"post","link":"https:\/\/www.ramm.be\/cms\/2025\/02\/09\/communique-r-am-m-9-fevrier-2025-santo-ventura\/","title":{"rendered":"COMMUNIQU\u00c9 R.AM.M.  9 f\u00e9vrier 2025 \/\/ Santo VENTURA"},"content":{"rendered":"\n<p>Le Conseil d\u2019Administration de la Royale Alliance Melen-Micheroux informe qu\u2019\u00e0 la suite d\u2019une analyse de la situation du club et de l\u2019\u00e9quipe, il a \u00e9t\u00e9 d\u00e9cid\u00e9 de ne pas poursuivre avec Santo VENTURA comme entra\u00eeneur de l\u2019\u00e9quipe Premi\u00e8re pour la saison 2025-2026, de commun accord avec ce dernier.<\/p>\n\n\n\n<p>Le club remercie chaleureusement Santo pour le travail effectu\u00e9 et son implication sans faille depuis le 2 octobre 2022, date de son premier match \u00e0 la t\u00eate de l\u2019\u00e9quipe. Et nous ne doutons pas  qu\u2019il en sera de m\u00eame pour les 9 derniers matchs de cette saison 2024-2025. Nous souhaitons \u00e0 Santo un plein succ\u00e8s lors de cette fin de saison avant de quitter ce poste d\u2019entra\u00eeneur de l\u2019\u00e9quipe principale en bons termes avec le Conseil d\u2019Administration et sans aucune animosit\u00e9 entre toutes les parties impliqu\u00e9es.<\/p>\n","protected":false},"excerpt":{"rendered":"<p>Le Conseil d\u2019Administration de la Royale Alliance Melen-Micheroux informe qu\u2019\u00e0 la suite d\u2019une analyse de la situation du club et de l\u2019\u00e9quipe, il a \u00e9t\u00e9 d\u00e9cid\u00e9 de ne pas poursuivre avec Santo VENTURA comme entra\u00eeneur de l\u2019\u00e9quipe Premi\u00e8re pour la saison 2025-2026, de commun accord avec ce dernier. Le club remercie chaleureusement Santo pour le [&hellip;]<\/p>\n","protected":false},"author":2,"featured_media":0,"comment_status":"closed","ping_status":"","sticky":false,"template":"","format":"standard","meta":{"footnotes":""},"categories":[1],"tags":[],"class_list":["post-1406","post","type-post","status-publish","format-standard","hentry","category-non-classe"],"_links":{"self":[{"href":"https:\/\/www.ramm.be\/cms\/wp-json\/wp\/v2\/posts\/1406","targetHints":{"allow":["GET"]}}],"collection":[{"href":"https:\/\/www.ramm.be\/cms\/wp-json\/wp\/v2\/posts"}],"about":[{"href":"https:\/\/www.ramm.be\/cms\/wp-json\/wp\/v2\/types\/post"}],"author":[{"embeddable":true,"href":"https:\/\/www.ramm.be\/cms\/wp-json\/wp\/v2\/users\/2"}],"replies":[{"embeddable":true,"href":"https:\/\/www.ramm.be\/cms\/wp-json\/wp\/v2\/comments?post=1406"}],"version-history":[{"count":1,"href":"https:\/\/www.ramm.be\/cms\/wp-json\/wp\/v2\/posts\/1406\/revisions"}],"predecessor-version":[{"id":1407,"href":"https:\/\/www.ramm.be\/cms\/wp-json\/wp\/v2\/posts\/1406\/revisions\/1407"}],"wp:attachment":[{"href":"https:\/\/www.ramm.be\/cms\/wp-json\/wp\/v2\/media?parent=1406"}],"wp:term":[{"taxonomy":"category","embeddable":true,"href":"https:\/\/www.ramm.be\/cms\/wp-json\/wp\/v2\/categories?post=1406"},{"taxonomy":"post_tag","embeddable":true,"href":"https:\/\/www.ramm.be\/cms\/wp-json\/wp\/v2\/tags?post=1406"}],"curies":[{"name":"wp","href":"https:\/\/api.w.org\/{rel}","templated":true}]}}