{"id":1158,"date":"2024-05-24T00:00:47","date_gmt":"2024-05-23T22:00:47","guid":{"rendered":"https:\/\/www.ramm.be\/cms\/?p=1158"},"modified":"2024-08-09T00:13:35","modified_gmt":"2024-08-08T22:13:35","slug":"pack-jeunes-2024-2025","status":"publish","type":"post","link":"https:\/\/www.ramm.be\/cms\/2024\/05\/24\/pack-jeunes-2024-2025\/","title":{"rendered":"Pack Jeunes 2024-2025"},"content":{"rendered":"\n<p>Deux nouvelles dates de permanence:<\/p>\n\n\n\n<ul class=\"wp-block-list\">\n<li>Samedi 10 ao\u00fbt 2024 de 14h \u00e0 16h<\/li>\n\n\n\n<li>Mercredi 14 ao\u00fbt 2024 de 16h \u00e0 18h<\/li>\n<\/ul>\n\n\n\n<p><strong>Voici le lien pour commander les diff\u00e9rents articles. !!! Seul ce formulaire est pris en compte pour la commande. Donc, m\u00eame si quelqu&rsquo;un a not\u00e9 vos tailles lors de l&rsquo;essayage, merci d&rsquo;absolument bien remplir le formulaire !!! <\/strong><\/p>\n\n\n\n<p><strong>Pour commander =&gt; <a href=\"https:\/\/docs.google.com\/forms\/d\/1JyhU9GF-b-inskIBAVX3UmoIugtc9_nBVWlU5jL3w1I\/edit\">R.A. Melen-Micheroux 2024\/2025 &#8211; Commande du Pack Jeunes &#8211; Google&nbsp;Forms<\/a><\/strong><\/p>\n\n\n\n<figure class=\"wp-block-image size-large\"><img loading=\"lazy\" decoding=\"async\" width=\"1024\" height=\"732\" src=\"https:\/\/www.ramm.be\/cms\/wp-content\/uploads\/2024\/05\/Pack-jeunes-2024-2025-1024x732.png\" alt=\"\" class=\"wp-image-1159\" srcset=\"https:\/\/www.ramm.be\/cms\/wp-content\/uploads\/2024\/05\/Pack-jeunes-2024-2025-1024x732.png 1024w, https:\/\/www.ramm.be\/cms\/wp-content\/uploads\/2024\/05\/Pack-jeunes-2024-2025-300x214.png 300w, https:\/\/www.ramm.be\/cms\/wp-content\/uploads\/2024\/05\/Pack-jeunes-2024-2025-768x549.png 768w, https:\/\/www.ramm.be\/cms\/wp-content\/uploads\/2024\/05\/Pack-jeunes-2024-2025.png 1086w\" sizes=\"auto, (max-width: 1024px) 100vw, 1024px\" \/><\/figure>\n","protected":false},"excerpt":{"rendered":"<p>Deux nouvelles dates de permanence: Voici le lien pour commander les diff\u00e9rents articles. !!! Seul ce formulaire est pris en compte pour la commande. Donc, m\u00eame si quelqu&rsquo;un a not\u00e9 vos tailles lors de l&rsquo;essayage, merci d&rsquo;absolument bien remplir le formulaire !!! Pour commander =&gt; R.A. Melen-Micheroux 2024\/2025 &#8211; Commande du Pack Jeunes &#8211; Google&nbsp;Forms<\/p>\n","protected":false},"author":2,"featured_media":0,"comment_status":"closed","ping_status":"","sticky":false,"template":"","format":"standard","meta":{"footnotes":""},"categories":[10],"tags":[],"class_list":["post-1158","post","type-post","status-publish","format-standard","hentry","category-communication"],"_links":{"self":[{"href":"https:\/\/www.ramm.be\/cms\/wp-json\/wp\/v2\/posts\/1158","targetHints":{"allow":["GET"]}}],"collection":[{"href":"https:\/\/www.ramm.be\/cms\/wp-json\/wp\/v2\/posts"}],"about":[{"href":"https:\/\/www.ramm.be\/cms\/wp-json\/wp\/v2\/types\/post"}],"author":[{"embeddable":true,"href":"https:\/\/www.ramm.be\/cms\/wp-json\/wp\/v2\/users\/2"}],"replies":[{"embeddable":true,"href":"https:\/\/www.ramm.be\/cms\/wp-json\/wp\/v2\/comments?post=1158"}],"version-history":[{"count":2,"href":"https:\/\/www.ramm.be\/cms\/wp-json\/wp\/v2\/posts\/1158\/revisions"}],"predecessor-version":[{"id":1169,"href":"https:\/\/www.ramm.be\/cms\/wp-json\/wp\/v2\/posts\/1158\/revisions\/1169"}],"wp:attachment":[{"href":"https:\/\/www.ramm.be\/cms\/wp-json\/wp\/v2\/media?parent=1158"}],"wp:term":[{"taxonomy":"category","embeddable":true,"href":"https:\/\/www.ramm.be\/cms\/wp-json\/wp\/v2\/categories?post=1158"},{"taxonomy":"post_tag","embeddable":true,"href":"https:\/\/www.ramm.be\/cms\/wp-json\/wp\/v2\/tags?post=1158"}],"curies":[{"name":"wp","href":"https:\/\/api.w.org\/{rel}","templated":true}]}}